{"id":97,"date":"2012-01-26T10:29:49","date_gmt":"2012-01-26T12:29:49","guid":{"rendered":"http:\/\/www.encontracentroriodejaneiro.com.br\/noticias\/?p=97"},"modified":"2013-08-15T14:18:32","modified_gmt":"2013-08-15T16:18:32","slug":"desabamento-de-predios-no-centro-do-rio-fere-ao-menos-5","status":"publish","type":"post","link":"https:\/\/www.encontracentroriodejaneiro.com.br\/noticias\/desabamento-de-predios-no-centro-do-rio-fere-ao-menos-5\/","title":{"rendered":"Desabamento de pr\u00e9dios no centro do Rio fere ao menos 5"},"content":{"rendered":"<p>Tr\u00eas edif\u00edcios desabaram no bairro do centro do RJ na noite desta quarta-feira, por volta das 20h30. Um deles tinha 20 andares e ficava situado na avenida 13 de Maio; outro tinha 10 andares e ficava na rua Manuel de Carvalho; e o terceiro, tamb\u00e9m na Manuel de Carvalho, era uma constru\u00e7\u00e3o anexa ao Theatro Municipal. Segundo o secret\u00e1rio municipal de Sa\u00fade, Hans Dohmann, cinco pessoas ficaram feridas com escoria\u00e7\u00f5es leves, sendo que tr\u00eas delas foram atendidas no local e liberadas. Um homem que estava preso no elevador foi encaminhado para o hospital Souza Aguiar.<\/p>\n<p>Tamb\u00e9m no Souza Aguiar, o zelador do pr\u00e9dio menor, Marcelo Ant\u00f4nio Moreira, 50 anos, disse ao Corpo de Bombeiros que estava sozinho no local e recolhia lixo quando a estrutura ruiu. Ainda assim, ele acredita que pode haver moradores de rua nos escombros, pois eles costumavam dormir sob a marquise do banco Ita\u00fa.<\/p>\n<p>&#8220;Existem pessoas l\u00e1 dentro, sim, mas s\u00e3o informa\u00e7\u00f5es desencontradas, n\u00e3o \u00e9 poss\u00edvel confirmar&#8221;, afirmou o prefeito do Rio, Eduardo Paes. De acordo com os bombeiros do Quartel Central, houve uma explos\u00e3o seguida do desabamento parcial do pr\u00e9dio, situado pr\u00f3ximo da sede da Caixa Econ\u00f4mica Federal. Os bombeiros foram ao local e havia forte cheiro de g\u00e1s.<\/p>\n<p>O prefeito do Rio foi a primeira autoridade a se pronunciar oficialmente ap\u00f3s o desmoronamento e apontou tamb\u00e9m um poss\u00edvel problema de estrutura de um dos edif\u00edcios como a causa da trag\u00e9dia. &#8220;A possibilidade de vazamento de g\u00e1s \u00e9 muito pequena. N\u00e3o sabemos a causa, mas n\u00e3o deve ter sido explos\u00e3o, e sim um dano estrutural. A medida que as informa\u00e7\u00f5es forem surgindo, n\u00f3s vamos passando&#8221;, afirmou.<\/p>\n<p>De acordo com o analista de sistemas Fernando Amaro, que trabalha em um dos pr\u00e9dios, as atividades no local se encerrariam \u00e0s 21h, ent\u00e3o ele acredita que muitas pessoas j\u00e1 teriam ido embora, mas diz que um treinamento em sua empresa de inform\u00e1tica se estenderia at\u00e9 esse hor\u00e1rio, e ao menos seis de seus colegas estariam desaparecidos. Bombeiros seguem trabalhando nos escombros, mas n\u00e3o h\u00e1 informa\u00e7\u00f5es sobre o n\u00famero de v\u00edtimas.<\/p>\n<p>Amaro trabalhava no quarto andar da edifica\u00e7\u00e3o que chegou a ver desabar ap\u00f3s escutar um estalo. &#8220;Foi tudo muito r\u00e1pido. Vi o porteiro sair correndo gritando e da\u00ed o pr\u00e9dio come\u00e7ou a ruir. Foi muita sorte ele ter se salvado&#8221;, afirmou, empoeirado.<\/p>\n<p>No sagu\u00e3o de um dos pr\u00e9dios funcionavam uma ag\u00eancia do banco Ita\u00fa e uma padaria. Nas proximidades tamb\u00e9m fica o tradicional bar Amarelinho, que re\u00fane pol\u00edticos, artistas e jornalistas h\u00e1 d\u00e9cadas.<\/p>\n<p>Por causa de vazamento de g\u00e1s, as avenidas Rio Branco chegou a ficar interditada, mas foi liberada. J\u00e1 a rua Evaristo da Veiga e avenidas Chile e Avenida Almirante Barroso seguiam bloqueadas. A Linha 1 do Metr\u00f4 estava parada. As pessoas que tiveram os carros atingidos pelos escombros entregavam as chaves aos policiais, que retiravam apenas ve\u00edculos menos danificados, ao passo que aqueles situados na zona de maior perigo n\u00e3o eram removidos.<\/p>\n<p>O secret\u00e1rio municipal de Conserva\u00e7\u00e3o dos Servi\u00e7os P\u00fablicos, Carlos Roberto Os\u00f3rio, tamb\u00e9m chegou \u00e0 regi\u00e3o. A Secretaria de Estado de Sa\u00fade colocou em alerta todos os hospitais da rede p\u00fablica estadual as Unidades de Pronto Atendimento (UPA) da Tijuca e Botafogo, que s\u00e3o as mais pr\u00f3ximas. Dois fiscais do Conselho Regional de Engenharia e Agronomia (Crea-RJ) acompanham os trabalhos para buscar as causas do desabamento.<\/p>\n<p><em>Fonte: Portal Terra<\/em><\/p>\n","protected":false},"excerpt":{"rendered":"<p>Tr\u00eas edif\u00edcios desabaram no bairro do centro do RJ na noite desta quarta-feira, por volta das 20h30. Um deles tinha 20 andares e ficava situado na avenida 13 de Maio; outro tinha 10 andares e ficava na rua Manuel de Carvalho; e o terceiro, tamb\u00e9m na Manuel de Carvalho, era uma constru\u00e7\u00e3o anexa ao Theatro [&hellip;]<\/p>\n","protected":false},"author":1,"featured_media":0,"comment_status":"open","ping_status":"open","sticky":false,"template":"","format":"standard","meta":{"footnotes":""},"categories":[6],"tags":[],"class_list":["post-97","post","type-post","status-publish","format-standard","hentry","category-noticias"],"yoast_head":"<!-- This site is optimized with the Yoast SEO plugin v25.9 - https:\/\/yoast.com\/wordpress\/plugins\/seo\/ -->\n<title>Desabamento de pr\u00e9dios no centro do Rio fere ao menos 5 - Not\u00edcias do Bairro Centro RJ<\/title>\n<meta name=\"robots\" content=\"index, follow, max-snippet:-1, max-image-preview:large, max-video-preview:-1\" \/>\n<link rel=\"canonical\" href=\"https:\/\/www.encontracentroriodejaneiro.com.br\/noticias\/desabamento-de-predios-no-centro-do-rio-fere-ao-menos-5\/\" \/>\n<meta property=\"og:locale\" content=\"pt_BR\" \/>\n<meta property=\"og:type\" content=\"article\" \/>\n<meta property=\"og:title\" content=\"Desabamento de pr\u00e9dios no centro do Rio fere ao menos 5 - Not\u00edcias do Bairro Centro RJ\" \/>\n<meta property=\"og:description\" content=\"Tr\u00eas edif\u00edcios desabaram no bairro do centro do RJ na noite desta quarta-feira, por volta das 20h30. Um deles tinha 20 andares e ficava situado na avenida 13 de Maio; outro tinha 10 andares e ficava na rua Manuel de Carvalho; e o terceiro, tamb\u00e9m na Manuel de Carvalho, era uma constru\u00e7\u00e3o anexa ao Theatro [&hellip;]\" \/>\n<meta property=\"og:url\" content=\"https:\/\/www.encontracentroriodejaneiro.com.br\/noticias\/desabamento-de-predios-no-centro-do-rio-fere-ao-menos-5\/\" \/>\n<meta property=\"og:site_name\" content=\"Not\u00edcias do Bairro Centro RJ\" \/>\n<meta property=\"article:published_time\" content=\"2012-01-26T12:29:49+00:00\" \/>\n<meta property=\"article:modified_time\" content=\"2013-08-15T16:18:32+00:00\" \/>\n<meta name=\"author\" content=\"Encontra Centro RJ\" \/>\n<meta name=\"twitter:card\" content=\"summary_large_image\" \/>\n<meta name=\"twitter:label1\" content=\"Escrito por\" \/>\n\t<meta name=\"twitter:data1\" content=\"Encontra Centro RJ\" \/>\n\t<meta name=\"twitter:label2\" content=\"Est. tempo de leitura\" \/>\n\t<meta name=\"twitter:data2\" content=\"3 minutos\" \/>\n<script type=\"application\/ld+json\" class=\"yoast-schema-graph\">{\"@context\":\"https:\/\/schema.org\",\"@graph\":[{\"@type\":\"WebPage\",\"@id\":\"https:\/\/www.encontracentroriodejaneiro.com.br\/noticias\/desabamento-de-predios-no-centro-do-rio-fere-ao-menos-5\/\",\"url\":\"https:\/\/www.encontracentroriodejaneiro.com.br\/noticias\/desabamento-de-predios-no-centro-do-rio-fere-ao-menos-5\/\",\"name\":\"Desabamento de pr\u00e9dios no centro do Rio fere ao menos 5 - Not\u00edcias do Bairro Centro RJ\",\"isPartOf\":{\"@id\":\"https:\/\/www.encontracentroriodejaneiro.com.br\/noticias\/#website\"},\"datePublished\":\"2012-01-26T12:29:49+00:00\",\"dateModified\":\"2013-08-15T16:18:32+00:00\",\"author\":{\"@id\":\"https:\/\/www.encontracentroriodejaneiro.com.br\/noticias\/#\/schema\/person\/d3a6c0305ffb5ffec8e9c6aefa0cbbce\"},\"breadcrumb\":{\"@id\":\"https:\/\/www.encontracentroriodejaneiro.com.br\/noticias\/desabamento-de-predios-no-centro-do-rio-fere-ao-menos-5\/#breadcrumb\"},\"inLanguage\":\"pt-BR\",\"potentialAction\":[{\"@type\":\"ReadAction\",\"target\":[\"https:\/\/www.encontracentroriodejaneiro.com.br\/noticias\/desabamento-de-predios-no-centro-do-rio-fere-ao-menos-5\/\"]}]},{\"@type\":\"BreadcrumbList\",\"@id\":\"https:\/\/www.encontracentroriodejaneiro.com.br\/noticias\/desabamento-de-predios-no-centro-do-rio-fere-ao-menos-5\/#breadcrumb\",\"itemListElement\":[{\"@type\":\"ListItem\",\"position\":1,\"name\":\"In\u00edcio\",\"item\":\"https:\/\/www.encontracentroriodejaneiro.com.br\/noticias\/\"},{\"@type\":\"ListItem\",\"position\":2,\"name\":\"Desabamento de pr\u00e9dios no centro do Rio fere ao menos 5\"}]},{\"@type\":\"WebSite\",\"@id\":\"https:\/\/www.encontracentroriodejaneiro.com.br\/noticias\/#website\",\"url\":\"https:\/\/www.encontracentroriodejaneiro.com.br\/noticias\/\",\"name\":\"Not\u00edcias do Bairro Centro RJ\",\"description\":\"Not\u00edcias, eventos, informa\u00e7\u00f5es e dicas no Bairro Centro RJ e regi\u00e3o\",\"potentialAction\":[{\"@type\":\"SearchAction\",\"target\":{\"@type\":\"EntryPoint\",\"urlTemplate\":\"https:\/\/www.encontracentroriodejaneiro.com.br\/noticias\/?s={search_term_string}\"},\"query-input\":{\"@type\":\"PropertyValueSpecification\",\"valueRequired\":true,\"valueName\":\"search_term_string\"}}],\"inLanguage\":\"pt-BR\"},{\"@type\":\"Person\",\"@id\":\"https:\/\/www.encontracentroriodejaneiro.com.br\/noticias\/#\/schema\/person\/d3a6c0305ffb5ffec8e9c6aefa0cbbce\",\"name\":\"Encontra Centro RJ\",\"image\":{\"@type\":\"ImageObject\",\"inLanguage\":\"pt-BR\",\"@id\":\"https:\/\/www.encontracentroriodejaneiro.com.br\/noticias\/#\/schema\/person\/image\/\",\"url\":\"https:\/\/secure.gravatar.com\/avatar\/507340682b8270222e1f208e23198b6ae7e2c6a1033ae84e99bc6bce4f82a387?s=96&d=mm&r=g\",\"contentUrl\":\"https:\/\/secure.gravatar.com\/avatar\/507340682b8270222e1f208e23198b6ae7e2c6a1033ae84e99bc6bce4f82a387?s=96&d=mm&r=g\",\"caption\":\"Encontra Centro RJ\"},\"sameAs\":[\"http:\/\/www.encontracentroriodejaneiro.com.br\"],\"url\":\"https:\/\/www.encontracentroriodejaneiro.com.br\/noticias\/author\/ecentroriodejaneiro\/\"}]}<\/script>\n<!-- \/ Yoast SEO plugin. -->","yoast_head_json":{"title":"Desabamento de pr\u00e9dios no centro do Rio fere ao menos 5 - Not\u00edcias do Bairro Centro RJ","robots":{"index":"index","follow":"follow","max-snippet":"max-snippet:-1","max-image-preview":"max-image-preview:large","max-video-preview":"max-video-preview:-1"},"canonical":"https:\/\/www.encontracentroriodejaneiro.com.br\/noticias\/desabamento-de-predios-no-centro-do-rio-fere-ao-menos-5\/","og_locale":"pt_BR","og_type":"article","og_title":"Desabamento de pr\u00e9dios no centro do Rio fere ao menos 5 - Not\u00edcias do Bairro Centro RJ","og_description":"Tr\u00eas edif\u00edcios desabaram no bairro do centro do RJ na noite desta quarta-feira, por volta das 20h30. Um deles tinha 20 andares e ficava situado na avenida 13 de Maio; outro tinha 10 andares e ficava na rua Manuel de Carvalho; e o terceiro, tamb\u00e9m na Manuel de Carvalho, era uma constru\u00e7\u00e3o anexa ao Theatro [&hellip;]","og_url":"https:\/\/www.encontracentroriodejaneiro.com.br\/noticias\/desabamento-de-predios-no-centro-do-rio-fere-ao-menos-5\/","og_site_name":"Not\u00edcias do Bairro Centro RJ","article_published_time":"2012-01-26T12:29:49+00:00","article_modified_time":"2013-08-15T16:18:32+00:00","author":"Encontra Centro RJ","twitter_card":"summary_large_image","twitter_misc":{"Escrito por":"Encontra Centro RJ","Est. tempo de leitura":"3 minutos"},"schema":{"@context":"https:\/\/schema.org","@graph":[{"@type":"WebPage","@id":"https:\/\/www.encontracentroriodejaneiro.com.br\/noticias\/desabamento-de-predios-no-centro-do-rio-fere-ao-menos-5\/","url":"https:\/\/www.encontracentroriodejaneiro.com.br\/noticias\/desabamento-de-predios-no-centro-do-rio-fere-ao-menos-5\/","name":"Desabamento de pr\u00e9dios no centro do Rio fere ao menos 5 - Not\u00edcias do Bairro Centro RJ","isPartOf":{"@id":"https:\/\/www.encontracentroriodejaneiro.com.br\/noticias\/#website"},"datePublished":"2012-01-26T12:29:49+00:00","dateModified":"2013-08-15T16:18:32+00:00","author":{"@id":"https:\/\/www.encontracentroriodejaneiro.com.br\/noticias\/#\/schema\/person\/d3a6c0305ffb5ffec8e9c6aefa0cbbce"},"breadcrumb":{"@id":"https:\/\/www.encontracentroriodejaneiro.com.br\/noticias\/desabamento-de-predios-no-centro-do-rio-fere-ao-menos-5\/#breadcrumb"},"inLanguage":"pt-BR","potentialAction":[{"@type":"ReadAction","target":["https:\/\/www.encontracentroriodejaneiro.com.br\/noticias\/desabamento-de-predios-no-centro-do-rio-fere-ao-menos-5\/"]}]},{"@type":"BreadcrumbList","@id":"https:\/\/www.encontracentroriodejaneiro.com.br\/noticias\/desabamento-de-predios-no-centro-do-rio-fere-ao-menos-5\/#breadcrumb","itemListElement":[{"@type":"ListItem","position":1,"name":"In\u00edcio","item":"https:\/\/www.encontracentroriodejaneiro.com.br\/noticias\/"},{"@type":"ListItem","position":2,"name":"Desabamento de pr\u00e9dios no centro do Rio fere ao menos 5"}]},{"@type":"WebSite","@id":"https:\/\/www.encontracentroriodejaneiro.com.br\/noticias\/#website","url":"https:\/\/www.encontracentroriodejaneiro.com.br\/noticias\/","name":"Not\u00edcias do Bairro Centro RJ","description":"Not\u00edcias, eventos, informa\u00e7\u00f5es e dicas no Bairro Centro RJ e regi\u00e3o","potentialAction":[{"@type":"SearchAction","target":{"@type":"EntryPoint","urlTemplate":"https:\/\/www.encontracentroriodejaneiro.com.br\/noticias\/?s={search_term_string}"},"query-input":{"@type":"PropertyValueSpecification","valueRequired":true,"valueName":"search_term_string"}}],"inLanguage":"pt-BR"},{"@type":"Person","@id":"https:\/\/www.encontracentroriodejaneiro.com.br\/noticias\/#\/schema\/person\/d3a6c0305ffb5ffec8e9c6aefa0cbbce","name":"Encontra Centro RJ","image":{"@type":"ImageObject","inLanguage":"pt-BR","@id":"https:\/\/www.encontracentroriodejaneiro.com.br\/noticias\/#\/schema\/person\/image\/","url":"https:\/\/secure.gravatar.com\/avatar\/507340682b8270222e1f208e23198b6ae7e2c6a1033ae84e99bc6bce4f82a387?s=96&d=mm&r=g","contentUrl":"https:\/\/secure.gravatar.com\/avatar\/507340682b8270222e1f208e23198b6ae7e2c6a1033ae84e99bc6bce4f82a387?s=96&d=mm&r=g","caption":"Encontra Centro RJ"},"sameAs":["http:\/\/www.encontracentroriodejaneiro.com.br"],"url":"https:\/\/www.encontracentroriodejaneiro.com.br\/noticias\/author\/ecentroriodejaneiro\/"}]}},"_links":{"self":[{"href":"https:\/\/www.encontracentroriodejaneiro.com.br\/noticias\/wp-json\/wp\/v2\/posts\/97","targetHints":{"allow":["GET"]}}],"collection":[{"href":"https:\/\/www.encontracentroriodejaneiro.com.br\/noticias\/wp-json\/wp\/v2\/posts"}],"about":[{"href":"https:\/\/www.encontracentroriodejaneiro.com.br\/noticias\/wp-json\/wp\/v2\/types\/post"}],"author":[{"embeddable":true,"href":"https:\/\/www.encontracentroriodejaneiro.com.br\/noticias\/wp-json\/wp\/v2\/users\/1"}],"replies":[{"embeddable":true,"href":"https:\/\/www.encontracentroriodejaneiro.com.br\/noticias\/wp-json\/wp\/v2\/comments?post=97"}],"version-history":[{"count":7,"href":"https:\/\/www.encontracentroriodejaneiro.com.br\/noticias\/wp-json\/wp\/v2\/posts\/97\/revisions"}],"predecessor-version":[{"id":846,"href":"https:\/\/www.encontracentroriodejaneiro.com.br\/noticias\/wp-json\/wp\/v2\/posts\/97\/revisions\/846"}],"wp:attachment":[{"href":"https:\/\/www.encontracentroriodejaneiro.com.br\/noticias\/wp-json\/wp\/v2\/media?parent=97"}],"wp:term":[{"taxonomy":"category","embeddable":true,"href":"https:\/\/www.encontracentroriodejaneiro.com.br\/noticias\/wp-json\/wp\/v2\/categories?post=97"},{"taxonomy":"post_tag","embeddable":true,"href":"https:\/\/www.encontracentroriodejaneiro.com.br\/noticias\/wp-json\/wp\/v2\/tags?post=97"}],"curies":[{"name":"wp","href":"https:\/\/api.w.org\/{rel}","templated":true}]}}