{"id":99,"date":"2012-01-26T10:32:54","date_gmt":"2012-01-26T12:32:54","guid":{"rendered":"http:\/\/www.encontracentroriodejaneiro.com.br\/noticias\/?p=99"},"modified":"2013-08-15T14:18:32","modified_gmt":"2013-08-15T16:18:32","slug":"testemunhas-e-sobreviventes-falam-sobre-desabamento-de-predios-no-centro-do-rj","status":"publish","type":"post","link":"https:\/\/www.encontracentroriodejaneiro.com.br\/noticias\/testemunhas-e-sobreviventes-falam-sobre-desabamento-de-predios-no-centro-do-rj\/","title":{"rendered":"Testemunhas e sobreviventes falam sobre desabamento de pr\u00e9dios no Centro do RJ"},"content":{"rendered":"<p>Testemunhas e sobreviventes relataram momentos de desespero ap\u00f3s o desabamento de tr\u00eas pr\u00e9dios na noite desta quarta-feira (25) no guia Centro do Rio de Janeiro.<\/p>\n<p>O acidente ocorreu por volta das 20h30. Um pr\u00e9dio de 20 andares, outro de 10 e um im\u00f3vel de quatro pavimentos ficaram em ru\u00ednas.<\/p>\n<p>No momento do desabamento, quem estava no quarteir\u00e3o relata ter visto muita poeira ap\u00f3s um tremor.<\/p>\n<p><strong>&#8216;Come\u00e7ou a estalar&#8217;<\/strong><br \/>\n\u201cEstava na fila do \u00f4nibus a\u00ed come\u00e7ou a estalar. A\u00ed quando olhei entrei em p\u00e2nico, que a\u00ed foi desabando, eu ca\u00ed e n\u00e3o vi mais nada\u201d, afirmou uma mulher que estava em um ponto de \u00f4nibus.<\/p>\n<p><strong>&#8216;S\u00f3 deu tempo de correr&#8217;<\/strong><br \/>\n\u201cEu estava no pr\u00e9dio do lado, de repente, eu pensei que era o  restaurante deles. Eu sa\u00ed correndo desesperado do jeito que eu estava\u201d,  disse um morador, coberto de poeira.<\/p>\n<p>\u201cS\u00f3 deu tempo de a gente correr\u201d, diz outro. \u201cQuando a gente se deu  conta o pr\u00e9dio estava vindo na nossa dire\u00e7\u00e3o, ele come\u00e7ou a contar\u201d,  afirma uma das testemunhas. \u201cA gente correu, poeira tomou conta de  tudo.\u201d<\/p>\n<p><strong>&#8216;Ele estava l\u00e1 dentro&#8217;<\/strong><br \/>\nEverton procurava pelo pai em meio aos carros de Bombeiros. \u201cO celular  est\u00e1 desligado, ele s\u00f3 sai \u00e0s 21h. Na hora que o pr\u00e9dio desabou ele  estava l\u00e1 dentro\u201d, afirmou.<\/p>\n<p><strong>&#8216;Ela n\u00e3o se despediu&#8217;<\/strong><br \/>\nVitor chorava em busca de not\u00edcias da mulher Alessandra, que trabalhava  no pr\u00e9dio. Ele falava com ela pelo computador quando a comunica\u00e7\u00e3o  cessou. \u201cEu estava com ela no MSN a\u00ed caiu, liguei ningu\u00e9m atendia, n\u00e3o  consegui mais falar, ela n\u00e3o tinha sa\u00eddo, ela n\u00e3o se despediu, n\u00e3o falou  nada, estou desesperado, preciso saber se ela est\u00e1 l\u00e1 ainda.<\/p>\n<p><strong>&#8216;Caos total&#8217;<\/strong><br \/>\nC\u00e9sar, gerente de uma loja de sucos em frente aos pr\u00e9dios que  desabaram, afirma, na manh\u00e3 desta quinta, que o local virou \u201cum caos  total\u201d. Ele conseguiu voltar ao lugar do desabamento para desligar  equipamentos de sua loja. \u201cTudo destru\u00eddo. Consegui entrar porque pedi a  colabora\u00e7\u00e3o do Guarda Municipal porque deixamos m\u00e1quinas ligadas. A  loja est\u00e1 toda destru\u00edda. Foi uma correria muito grande.\u201d<\/p>\n<p><strong>Salvo pelo elevador: &#8216;vou morrer&#8217;<\/strong><br \/>\nNo hospital Souza Aguiar, onde \u00e9 realizado o atendimento aos feridos, Alexandro recebeu alta. Ele estava dentro do elevador do pr\u00e9dio maior, onde afirma ter se jogado para se salvar. \u201cFoi horr\u00edvel, n\u00e3o sei como tive discernimento de voltar para o elevador. Foi o que me salvou. Quando eu vi aquilo tudo caindo eu falei: vou morrer. Cheguei a pensar. Quando come\u00e7ou a cair em queda livre o elevador, a\u00ed cheguei a pensar: \u00e9 hoje que n\u00e3o volto mais para casa.\u201d<\/p>\n<p>Alexandro n\u00e3o sofreu nenhum ferimento. \u201cEu estava no t\u00e9rreo. A\u00ed comecei peguei um material para subir para o nono. Quando a porta se abriu, eu vi o pr\u00e9dio se esfacelando. A\u00ed voltei para o elevador de novo, quando voltei, ele despencou, de porta aberta. A\u00ed parou entre o 4\u00ba e 3\u00ba andar estacionado. A\u00ed caiu o reboco por cima e danificou um pouquinho. Gra\u00e7as a Deus que comigo n\u00e3o aconteceu nada. A sorte \u00e9 que estava com aparelho de celular no bolso. Da\u00ed liguei pro meu compadre que tava do lado de fora no t\u00e9rreo, da\u00ed que aconteceu tudo. Ele falou: fica calmo que o bombeiro vai chegar, vai te pegar\u201d, conta.<\/p>\n<p><strong>&#8216;Ela n\u00e3o atendeu mais o celular&#8217;<\/strong><br \/>\nChorando muito e ao lado do filho, Roberto Flaviano, de 64 anos, procurava not\u00edcias sobre a mulher, Ana Cristina Faria Silveira, de 51 anos. O casal trabalhava junto em um escrit\u00f3rio de contabilidade, no 11\u00ba andar do edif\u00edcio. Ele disse que mulher sempre ficava at\u00e9 mais tarde na sala, para concluir documentos da empresa.<\/p>\n<p>\u201cA \u00faltima vez que falei com ela foi \u00e0s 20h e depois ela n\u00e3o atendeu mais o celular\u201d, contou. &#8220;Minha esperan\u00e7a \u00e9 que ela esteja presa em algum lugar. Eu n\u00e3o sei mais o que fazer. \u00c9 uma ang\u00fastia muito grande&#8221;, disse Flaviano.<\/p>\n<p><strong>&#8216;Senti um bloco de concreto caindo nas minhas costas&#8217;<\/strong><br \/>\nGilberto Figueiredo, de 33 anos, conta que estava trabalhando no 9\u00ba andar de um dos pr\u00e9dios que desabou, decorando um escrit\u00f3rio. &#8220;Quando estava indo embora senti o elevador balan\u00e7ar. J\u00e1 na portaria senti um bloco de concreto caindo nas minhas costas e sa\u00ed correndo. Foi Deus, sinto que nasci de novo&#8221;, desabafou.<\/p>\n<p><strong>\u2018Parecia uma chuva caindo\u2019<\/strong><br \/>\nRodrigo, que tomava um caf\u00e9 em uma lanchonete pr\u00f3xima ao local, diz que viu uma n\u00e9voa. \u201cA sensa\u00e7\u00e3o que eu posso descrever agora \u00e9 bem confusa. Escutei um barulho muito forte, um estrondo. Parecia uma chuva caindo. Quando vi era uma n\u00e9voa. A \u00fanica coisa que n\u00f3s conseguimos pensar era tentar abrir, uma salva\u00e7\u00e3o. Rapidamente n\u00e3o dava para enxergar quem estava ao seu lado.\u201d<\/p>\n<p><em>Fonte: G1<\/em><\/p>\n","protected":false},"excerpt":{"rendered":"<p>Testemunhas e sobreviventes relataram momentos de desespero ap\u00f3s o desabamento de tr\u00eas pr\u00e9dios na noite desta quarta-feira (25) no guia Centro do Rio de Janeiro. O acidente ocorreu por volta das 20h30. Um pr\u00e9dio de 20 andares, outro de 10 e um im\u00f3vel de quatro pavimentos ficaram em ru\u00ednas. No momento do desabamento, quem estava [&hellip;]<\/p>\n","protected":false},"author":1,"featured_media":0,"comment_status":"open","ping_status":"open","sticky":false,"template":"","format":"standard","meta":{"footnotes":""},"categories":[6],"tags":[],"class_list":["post-99","post","type-post","status-publish","format-standard","hentry","category-noticias"],"yoast_head":"<!-- This site is optimized with the Yoast SEO plugin v25.9 - https:\/\/yoast.com\/wordpress\/plugins\/seo\/ -->\n<title>Testemunhas e sobreviventes falam sobre desabamento de pr\u00e9dios no Centro do RJ - Not\u00edcias do Bairro Centro RJ<\/title>\n<meta name=\"robots\" content=\"index, follow, max-snippet:-1, max-image-preview:large, max-video-preview:-1\" \/>\n<link rel=\"canonical\" href=\"https:\/\/www.encontracentroriodejaneiro.com.br\/noticias\/testemunhas-e-sobreviventes-falam-sobre-desabamento-de-predios-no-centro-do-rj\/\" \/>\n<meta property=\"og:locale\" content=\"pt_BR\" \/>\n<meta property=\"og:type\" content=\"article\" \/>\n<meta property=\"og:title\" content=\"Testemunhas e sobreviventes falam sobre desabamento de pr\u00e9dios no Centro do RJ - Not\u00edcias do Bairro Centro RJ\" \/>\n<meta property=\"og:description\" content=\"Testemunhas e sobreviventes relataram momentos de desespero ap\u00f3s o desabamento de tr\u00eas pr\u00e9dios na noite desta quarta-feira (25) no guia Centro do Rio de Janeiro. O acidente ocorreu por volta das 20h30. Um pr\u00e9dio de 20 andares, outro de 10 e um im\u00f3vel de quatro pavimentos ficaram em ru\u00ednas. No momento do desabamento, quem estava [&hellip;]\" \/>\n<meta property=\"og:url\" content=\"https:\/\/www.encontracentroriodejaneiro.com.br\/noticias\/testemunhas-e-sobreviventes-falam-sobre-desabamento-de-predios-no-centro-do-rj\/\" \/>\n<meta property=\"og:site_name\" content=\"Not\u00edcias do Bairro Centro RJ\" \/>\n<meta property=\"article:published_time\" content=\"2012-01-26T12:32:54+00:00\" \/>\n<meta property=\"article:modified_time\" content=\"2013-08-15T16:18:32+00:00\" \/>\n<meta name=\"author\" content=\"Encontra Centro RJ\" \/>\n<meta name=\"twitter:card\" content=\"summary_large_image\" \/>\n<meta name=\"twitter:label1\" content=\"Escrito por\" \/>\n\t<meta name=\"twitter:data1\" content=\"Encontra Centro RJ\" \/>\n\t<meta name=\"twitter:label2\" content=\"Est. tempo de leitura\" \/>\n\t<meta name=\"twitter:data2\" content=\"4 minutos\" \/>\n<script type=\"application\/ld+json\" class=\"yoast-schema-graph\">{\"@context\":\"https:\/\/schema.org\",\"@graph\":[{\"@type\":\"WebPage\",\"@id\":\"https:\/\/www.encontracentroriodejaneiro.com.br\/noticias\/testemunhas-e-sobreviventes-falam-sobre-desabamento-de-predios-no-centro-do-rj\/\",\"url\":\"https:\/\/www.encontracentroriodejaneiro.com.br\/noticias\/testemunhas-e-sobreviventes-falam-sobre-desabamento-de-predios-no-centro-do-rj\/\",\"name\":\"Testemunhas e sobreviventes falam sobre desabamento de pr\u00e9dios no Centro do RJ - Not\u00edcias do Bairro Centro RJ\",\"isPartOf\":{\"@id\":\"https:\/\/www.encontracentroriodejaneiro.com.br\/noticias\/#website\"},\"datePublished\":\"2012-01-26T12:32:54+00:00\",\"dateModified\":\"2013-08-15T16:18:32+00:00\",\"author\":{\"@id\":\"https:\/\/www.encontracentroriodejaneiro.com.br\/noticias\/#\/schema\/person\/d3a6c0305ffb5ffec8e9c6aefa0cbbce\"},\"breadcrumb\":{\"@id\":\"https:\/\/www.encontracentroriodejaneiro.com.br\/noticias\/testemunhas-e-sobreviventes-falam-sobre-desabamento-de-predios-no-centro-do-rj\/#breadcrumb\"},\"inLanguage\":\"pt-BR\",\"potentialAction\":[{\"@type\":\"ReadAction\",\"target\":[\"https:\/\/www.encontracentroriodejaneiro.com.br\/noticias\/testemunhas-e-sobreviventes-falam-sobre-desabamento-de-predios-no-centro-do-rj\/\"]}]},{\"@type\":\"BreadcrumbList\",\"@id\":\"https:\/\/www.encontracentroriodejaneiro.com.br\/noticias\/testemunhas-e-sobreviventes-falam-sobre-desabamento-de-predios-no-centro-do-rj\/#breadcrumb\",\"itemListElement\":[{\"@type\":\"ListItem\",\"position\":1,\"name\":\"In\u00edcio\",\"item\":\"https:\/\/www.encontracentroriodejaneiro.com.br\/noticias\/\"},{\"@type\":\"ListItem\",\"position\":2,\"name\":\"Testemunhas e sobreviventes falam sobre desabamento de pr\u00e9dios no Centro do RJ\"}]},{\"@type\":\"WebSite\",\"@id\":\"https:\/\/www.encontracentroriodejaneiro.com.br\/noticias\/#website\",\"url\":\"https:\/\/www.encontracentroriodejaneiro.com.br\/noticias\/\",\"name\":\"Not\u00edcias do Bairro Centro RJ\",\"description\":\"Not\u00edcias, eventos, informa\u00e7\u00f5es e dicas no Bairro Centro RJ e regi\u00e3o\",\"potentialAction\":[{\"@type\":\"SearchAction\",\"target\":{\"@type\":\"EntryPoint\",\"urlTemplate\":\"https:\/\/www.encontracentroriodejaneiro.com.br\/noticias\/?s={search_term_string}\"},\"query-input\":{\"@type\":\"PropertyValueSpecification\",\"valueRequired\":true,\"valueName\":\"search_term_string\"}}],\"inLanguage\":\"pt-BR\"},{\"@type\":\"Person\",\"@id\":\"https:\/\/www.encontracentroriodejaneiro.com.br\/noticias\/#\/schema\/person\/d3a6c0305ffb5ffec8e9c6aefa0cbbce\",\"name\":\"Encontra Centro RJ\",\"image\":{\"@type\":\"ImageObject\",\"inLanguage\":\"pt-BR\",\"@id\":\"https:\/\/www.encontracentroriodejaneiro.com.br\/noticias\/#\/schema\/person\/image\/\",\"url\":\"https:\/\/secure.gravatar.com\/avatar\/507340682b8270222e1f208e23198b6ae7e2c6a1033ae84e99bc6bce4f82a387?s=96&d=mm&r=g\",\"contentUrl\":\"https:\/\/secure.gravatar.com\/avatar\/507340682b8270222e1f208e23198b6ae7e2c6a1033ae84e99bc6bce4f82a387?s=96&d=mm&r=g\",\"caption\":\"Encontra Centro RJ\"},\"sameAs\":[\"http:\/\/www.encontracentroriodejaneiro.com.br\"],\"url\":\"https:\/\/www.encontracentroriodejaneiro.com.br\/noticias\/author\/ecentroriodejaneiro\/\"}]}<\/script>\n<!-- \/ Yoast SEO plugin. -->","yoast_head_json":{"title":"Testemunhas e sobreviventes falam sobre desabamento de pr\u00e9dios no Centro do RJ - Not\u00edcias do Bairro Centro RJ","robots":{"index":"index","follow":"follow","max-snippet":"max-snippet:-1","max-image-preview":"max-image-preview:large","max-video-preview":"max-video-preview:-1"},"canonical":"https:\/\/www.encontracentroriodejaneiro.com.br\/noticias\/testemunhas-e-sobreviventes-falam-sobre-desabamento-de-predios-no-centro-do-rj\/","og_locale":"pt_BR","og_type":"article","og_title":"Testemunhas e sobreviventes falam sobre desabamento de pr\u00e9dios no Centro do RJ - Not\u00edcias do Bairro Centro RJ","og_description":"Testemunhas e sobreviventes relataram momentos de desespero ap\u00f3s o desabamento de tr\u00eas pr\u00e9dios na noite desta quarta-feira (25) no guia Centro do Rio de Janeiro. O acidente ocorreu por volta das 20h30. Um pr\u00e9dio de 20 andares, outro de 10 e um im\u00f3vel de quatro pavimentos ficaram em ru\u00ednas. No momento do desabamento, quem estava [&hellip;]","og_url":"https:\/\/www.encontracentroriodejaneiro.com.br\/noticias\/testemunhas-e-sobreviventes-falam-sobre-desabamento-de-predios-no-centro-do-rj\/","og_site_name":"Not\u00edcias do Bairro Centro RJ","article_published_time":"2012-01-26T12:32:54+00:00","article_modified_time":"2013-08-15T16:18:32+00:00","author":"Encontra Centro RJ","twitter_card":"summary_large_image","twitter_misc":{"Escrito por":"Encontra Centro RJ","Est. tempo de leitura":"4 minutos"},"schema":{"@context":"https:\/\/schema.org","@graph":[{"@type":"WebPage","@id":"https:\/\/www.encontracentroriodejaneiro.com.br\/noticias\/testemunhas-e-sobreviventes-falam-sobre-desabamento-de-predios-no-centro-do-rj\/","url":"https:\/\/www.encontracentroriodejaneiro.com.br\/noticias\/testemunhas-e-sobreviventes-falam-sobre-desabamento-de-predios-no-centro-do-rj\/","name":"Testemunhas e sobreviventes falam sobre desabamento de pr\u00e9dios no Centro do RJ - Not\u00edcias do Bairro Centro RJ","isPartOf":{"@id":"https:\/\/www.encontracentroriodejaneiro.com.br\/noticias\/#website"},"datePublished":"2012-01-26T12:32:54+00:00","dateModified":"2013-08-15T16:18:32+00:00","author":{"@id":"https:\/\/www.encontracentroriodejaneiro.com.br\/noticias\/#\/schema\/person\/d3a6c0305ffb5ffec8e9c6aefa0cbbce"},"breadcrumb":{"@id":"https:\/\/www.encontracentroriodejaneiro.com.br\/noticias\/testemunhas-e-sobreviventes-falam-sobre-desabamento-de-predios-no-centro-do-rj\/#breadcrumb"},"inLanguage":"pt-BR","potentialAction":[{"@type":"ReadAction","target":["https:\/\/www.encontracentroriodejaneiro.com.br\/noticias\/testemunhas-e-sobreviventes-falam-sobre-desabamento-de-predios-no-centro-do-rj\/"]}]},{"@type":"BreadcrumbList","@id":"https:\/\/www.encontracentroriodejaneiro.com.br\/noticias\/testemunhas-e-sobreviventes-falam-sobre-desabamento-de-predios-no-centro-do-rj\/#breadcrumb","itemListElement":[{"@type":"ListItem","position":1,"name":"In\u00edcio","item":"https:\/\/www.encontracentroriodejaneiro.com.br\/noticias\/"},{"@type":"ListItem","position":2,"name":"Testemunhas e sobreviventes falam sobre desabamento de pr\u00e9dios no Centro do RJ"}]},{"@type":"WebSite","@id":"https:\/\/www.encontracentroriodejaneiro.com.br\/noticias\/#website","url":"https:\/\/www.encontracentroriodejaneiro.com.br\/noticias\/","name":"Not\u00edcias do Bairro Centro RJ","description":"Not\u00edcias, eventos, informa\u00e7\u00f5es e dicas no Bairro Centro RJ e regi\u00e3o","potentialAction":[{"@type":"SearchAction","target":{"@type":"EntryPoint","urlTemplate":"https:\/\/www.encontracentroriodejaneiro.com.br\/noticias\/?s={search_term_string}"},"query-input":{"@type":"PropertyValueSpecification","valueRequired":true,"valueName":"search_term_string"}}],"inLanguage":"pt-BR"},{"@type":"Person","@id":"https:\/\/www.encontracentroriodejaneiro.com.br\/noticias\/#\/schema\/person\/d3a6c0305ffb5ffec8e9c6aefa0cbbce","name":"Encontra Centro RJ","image":{"@type":"ImageObject","inLanguage":"pt-BR","@id":"https:\/\/www.encontracentroriodejaneiro.com.br\/noticias\/#\/schema\/person\/image\/","url":"https:\/\/secure.gravatar.com\/avatar\/507340682b8270222e1f208e23198b6ae7e2c6a1033ae84e99bc6bce4f82a387?s=96&d=mm&r=g","contentUrl":"https:\/\/secure.gravatar.com\/avatar\/507340682b8270222e1f208e23198b6ae7e2c6a1033ae84e99bc6bce4f82a387?s=96&d=mm&r=g","caption":"Encontra Centro RJ"},"sameAs":["http:\/\/www.encontracentroriodejaneiro.com.br"],"url":"https:\/\/www.encontracentroriodejaneiro.com.br\/noticias\/author\/ecentroriodejaneiro\/"}]}},"_links":{"self":[{"href":"https:\/\/www.encontracentroriodejaneiro.com.br\/noticias\/wp-json\/wp\/v2\/posts\/99","targetHints":{"allow":["GET"]}}],"collection":[{"href":"https:\/\/www.encontracentroriodejaneiro.com.br\/noticias\/wp-json\/wp\/v2\/posts"}],"about":[{"href":"https:\/\/www.encontracentroriodejaneiro.com.br\/noticias\/wp-json\/wp\/v2\/types\/post"}],"author":[{"embeddable":true,"href":"https:\/\/www.encontracentroriodejaneiro.com.br\/noticias\/wp-json\/wp\/v2\/users\/1"}],"replies":[{"embeddable":true,"href":"https:\/\/www.encontracentroriodejaneiro.com.br\/noticias\/wp-json\/wp\/v2\/comments?post=99"}],"version-history":[{"count":3,"href":"https:\/\/www.encontracentroriodejaneiro.com.br\/noticias\/wp-json\/wp\/v2\/posts\/99\/revisions"}],"predecessor-version":[{"id":854,"href":"https:\/\/www.encontracentroriodejaneiro.com.br\/noticias\/wp-json\/wp\/v2\/posts\/99\/revisions\/854"}],"wp:attachment":[{"href":"https:\/\/www.encontracentroriodejaneiro.com.br\/noticias\/wp-json\/wp\/v2\/media?parent=99"}],"wp:term":[{"taxonomy":"category","embeddable":true,"href":"https:\/\/www.encontracentroriodejaneiro.com.br\/noticias\/wp-json\/wp\/v2\/categories?post=99"},{"taxonomy":"post_tag","embeddable":true,"href":"https:\/\/www.encontracentroriodejaneiro.com.br\/noticias\/wp-json\/wp\/v2\/tags?post=99"}],"curies":[{"name":"wp","href":"https:\/\/api.w.org\/{rel}","templated":true}]}}